{"id":6773,"date":"2021-11-28T22:46:06","date_gmt":"2021-11-28T22:46:06","guid":{"rendered":"http:\/\/www.triponto.pt\/web\/?p=6773"},"modified":"2021-11-28T22:46:06","modified_gmt":"2021-11-28T22:46:06","slug":"a-diretiva-sobre-plasticos-de-uso-unico-da-ue-e-a-legislacao-em-portugal","status":"publish","type":"post","link":"https:\/\/www.triponto.pt\/web\/a-diretiva-sobre-plasticos-de-uso-unico-da-ue-e-a-legislacao-em-portugal\/","title":{"rendered":"A DIRETIVA SOBRE PL\u00c1STICOS DE USO \u00daNICO DA UE E A LEGISLA\u00c7\u00c3O EM PORTUGAL"},"content":{"rendered":"A Diretiva de Pl\u00e1sticos de Uso \u00danico da UE est\u00e1 a fazer grandes mudan\u00e7as nos h\u00e1bitos do uso de embalagem para alimentos na Europa. O seu grande objetivo \u00e9 reduzir o lixo marinho. Inclui a proibi\u00e7\u00e3o do poliestireno expandido, pl\u00e1sticos oxo-degrad\u00e1veis \u200b\u200be de alguns produtos de pl\u00e1stico.<\/p>\n<p>Os estados membros da UE adotaram diferentes abordagens para incluir a Diretiva nas suas leis nacionais.<\/p>\n<p>E quanto a Portugal? \u00c9 um tema recente e temos recebido muitas perguntas de clientes. Aqui est\u00e1 nosso guia \u00fatil \u2026<\/p>\n<p><a href=\"https:\/\/www.triponto.pt\/web\/tripo-upload\/uploads\/2021\/11\/bandeira-portugal-uniao-europeia.jpg\"><img loading=\"lazy\" class=\"size-medium wp-image-6767 alignright\" src=\"https:\/\/www.triponto.pt\/web\/tripo-upload\/uploads\/2021\/11\/bandeira-portugal-uniao-europeia-300x300.jpg\" alt=\"\" width=\"300\" height=\"300\" srcset=\"https:\/\/www.triponto.pt\/web\/tripo-upload\/uploads\/2021\/11\/bandeira-portugal-uniao-europeia-300x300.jpg 300w, https:\/\/www.triponto.pt\/web\/tripo-upload\/uploads\/2021\/11\/bandeira-portugal-uniao-europeia-1024x1024.jpg 1024w, https:\/\/www.triponto.pt\/web\/tripo-upload\/uploads\/2021\/11\/bandeira-portugal-uniao-europeia-150x150.jpg 150w, https:\/\/www.triponto.pt\/web\/tripo-upload\/uploads\/2021\/11\/bandeira-portugal-uniao-europeia-1536x1536.jpg 1536w, https:\/\/www.triponto.pt\/web\/tripo-upload\/uploads\/2021\/11\/bandeira-portugal-uniao-europeia-2048x2048.jpg 2048w\" sizes=\"(max-width: 300px) 100vw, 300px\" \/><\/a><\/p>\n<h2>QUAL A LEGISLA\u00c7\u00c3O EM VIGOR PORTUGAL?<\/h2>\n<p>Decreto-Lei n.\u00ba 78\/2021, de 24 de setembro<br \/>\nTransp\u00f5e a Diretiva (UE) 2019\/904, relativa \u00e0 redu\u00e7\u00e3o do impacto de determinados produtos de pl\u00e1stico no ambiente, e que altera as regras relativas aos produtos de pl\u00e1stico nos pontos de venda de p\u00e3o, frutas e legumes.<\/p>\n<p>Lei n.\u00ba 76\/2019, 2 de setembro<br \/>\nDetermina a n\u00e3o utiliza\u00e7\u00e3o e n\u00e3o disponibiliza\u00e7\u00e3o de lou\u00e7a de pl\u00e1stico de utiliza\u00e7\u00e3o \u00fanica nas atividades do setor de restaura\u00e7\u00e3o e\/ou bebidas e no com\u00e9rcio a retalho.<\/p>\n<h2>O QUE VAI SER PROIBIDO?<\/h2>\n<p>Foram identificados 10 produtos descart\u00e1veis \u200b\u200be equipamentos de pesca de pl\u00e1stico, respons\u00e1veis \u200b\u200bpor 70% do lixo marinho na Europa:<\/p>\n<p><strong>Pl\u00e1sticos Oxodegrad\u00e1veis<\/strong> &#8211; Este pl\u00e1stico modificado desintegra-se em pequenos flocos de pl\u00e1stico n\u00e3o recicl\u00e1veis. \u00c9 comum em copos para bebidas frias, talheres, palhinhas e sacos de transporte.<\/p>\n<p><strong>Poliestireno expandido ou ISOPOR (esferovite)<\/strong> &#8211; Normalmente utilizado em copos, tigelas, pratos e recipientes para comida.<\/p>\n<p><strong>Artigos de pl\u00e1stico (talheres, pratos, agitadores e palhinhas)<\/strong> &#8211; Isso inclui pl\u00e1sticos de origem vegetal e compostos, uma vez que a diretiva baseia-se em como os materiais se comportam em ambientes marinhos. Umas embalagens compost\u00e1vel degrada-se em condi\u00e7\u00f5es de compostagem industrial e dom\u00e9stica, que s\u00e3o diferentes das encontradas no mar.<\/p>\n<p>&nbsp;","protected":false},"excerpt":{"rendered":"<p>A Diretiva de Pl\u00e1sticos de Uso \u00danico da UE est\u00e1 a fazer grandes mudan\u00e7as nos h\u00e1bitos do uso de embalagem para alimentos na Europa. O seu grande objetivo \u00e9 reduzir o lixo marinho. Inclui a proibi\u00e7\u00e3o do poliestireno expandido, pl\u00e1sticos oxo-degrad\u00e1veis \u200b\u200be de alguns produtos de pl\u00e1stico. Os estados membros da UE adotaram diferentes abordagens [&hellip;]<\/p>\n","protected":false},"author":4,"featured_media":6767,"comment_status":"closed","ping_status":"closed","sticky":false,"template":"","format":"standard","meta":[],"categories":[60],"tags":[],"yoast_head":"<!-- This site is optimized with the Yoast SEO plugin v14.2 - https:\/\/yoast.com\/wordpress\/plugins\/seo\/ -->\n<meta name=\"robots\" content=\"index, follow\" \/>\n<meta name=\"googlebot\" content=\"index, follow, max-snippet:-1, max-image-preview:large, max-video-preview:-1\" \/>\n<meta name=\"bingbot\" content=\"index, follow, max-snippet:-1, max-image-preview:large, max-video-preview:-1\" \/>\n<link rel=\"canonical\" href=\"http:\/\/www.triponto.pt\/web\/a-diretiva-sobre-plasticos-de-uso-unico-da-ue-e-a-legislacao-em-portugal\/\" \/>\n<meta property=\"og:locale\" content=\"pt_PT\" \/>\n<meta property=\"og:type\" content=\"article\" \/>\n<meta property=\"og:title\" content=\"[:pt]A DIRETIVA SOBRE PL\u00c1STICOS DE USO \u00daNICO DA UE E A LEGISLA\u00c7\u00c3O EM PORTUGAL[:] - Triponto\" \/>\n<meta property=\"og:description\" content=\"A Diretiva de Pl\u00e1sticos de Uso \u00danico da UE est\u00e1 a fazer grandes mudan\u00e7as nos h\u00e1bitos do uso de embalagem para alimentos na Europa. O seu grande objetivo \u00e9 reduzir o lixo marinho. Inclui a proibi\u00e7\u00e3o do poliestireno expandido, pl\u00e1sticos oxo-degrad\u00e1veis \u200b\u200be de alguns produtos de pl\u00e1stico. Os estados membros da UE adotaram diferentes abordagens [&hellip;]\" \/>\n<meta property=\"og:url\" content=\"http:\/\/www.triponto.pt\/web\/a-diretiva-sobre-plasticos-de-uso-unico-da-ue-e-a-legislacao-em-portugal\/\" \/>\n<meta property=\"og:site_name\" content=\"Triponto\" \/>\n<meta property=\"article:published_time\" content=\"2021-11-28T22:46:06+00:00\" \/>\n<meta property=\"og:image\" content=\"https:\/\/www.triponto.pt\/web\/tripo-upload\/uploads\/2021\/11\/bandeira-portugal-uniao-europeia.jpg\" \/>\n\t<meta property=\"og:image:width\" content=\"1280\" \/>\n\t<meta property=\"og:image:height\" content=\"853\" \/>\n<script type=\"application\/ld+json\" class=\"yoast-schema-graph\">{\"@context\":\"https:\/\/schema.org\",\"@graph\":[{\"@type\":\"WebSite\",\"@id\":\"https:\/\/www.triponto.pt\/web\/#website\",\"url\":\"https:\/\/www.triponto.pt\/web\/\",\"name\":\"Triponto\",\"description\":\"Servi\\u00e7os comerciais, lda.\",\"potentialAction\":[{\"@type\":\"SearchAction\",\"target\":\"https:\/\/www.triponto.pt\/web\/?s={search_term_string}\",\"query-input\":\"required name=search_term_string\"}],\"inLanguage\":\"pt-PT\"},{\"@type\":\"ImageObject\",\"@id\":\"http:\/\/www.triponto.pt\/web\/a-diretiva-sobre-plasticos-de-uso-unico-da-ue-e-a-legislacao-em-portugal\/#primaryimage\",\"inLanguage\":\"pt-PT\",\"url\":\"https:\/\/www.triponto.pt\/web\/tripo-upload\/uploads\/2021\/11\/bandeira-portugal-uniao-europeia.jpg\",\"width\":1280,\"height\":853},{\"@type\":\"WebPage\",\"@id\":\"http:\/\/www.triponto.pt\/web\/a-diretiva-sobre-plasticos-de-uso-unico-da-ue-e-a-legislacao-em-portugal\/#webpage\",\"url\":\"http:\/\/www.triponto.pt\/web\/a-diretiva-sobre-plasticos-de-uso-unico-da-ue-e-a-legislacao-em-portugal\/\",\"name\":\"[:pt]A DIRETIVA SOBRE PL\\u00c1STICOS DE USO \\u00daNICO DA UE E A LEGISLA\\u00c7\\u00c3O EM PORTUGAL[:] - Triponto\",\"isPartOf\":{\"@id\":\"https:\/\/www.triponto.pt\/web\/#website\"},\"primaryImageOfPage\":{\"@id\":\"http:\/\/www.triponto.pt\/web\/a-diretiva-sobre-plasticos-de-uso-unico-da-ue-e-a-legislacao-em-portugal\/#primaryimage\"},\"datePublished\":\"2021-11-28T22:46:06+00:00\",\"dateModified\":\"2021-11-28T22:46:06+00:00\",\"author\":{\"@id\":\"https:\/\/www.triponto.pt\/web\/#\/schema\/person\/a01058c66dc2bc839b94f913fb0aec70\"},\"inLanguage\":\"pt-PT\",\"potentialAction\":[{\"@type\":\"ReadAction\",\"target\":[\"http:\/\/www.triponto.pt\/web\/a-diretiva-sobre-plasticos-de-uso-unico-da-ue-e-a-legislacao-em-portugal\/\"]}]},{\"@type\":[\"Person\"],\"@id\":\"https:\/\/www.triponto.pt\/web\/#\/schema\/person\/a01058c66dc2bc839b94f913fb0aec70\",\"name\":\"Joana Cartaxo\",\"image\":{\"@type\":\"ImageObject\",\"@id\":\"https:\/\/www.triponto.pt\/web\/#personlogo\",\"inLanguage\":\"pt-PT\",\"url\":\"https:\/\/secure.gravatar.com\/avatar\/8ef6b96363619fa3127bdfd48d129e5d?s=96&d=mm&r=g\",\"caption\":\"Joana Cartaxo\"}}]}<\/script>\n<!-- \/ Yoast SEO plugin. -->","_links":{"self":[{"href":"https:\/\/www.triponto.pt\/web\/wp-json\/wp\/v2\/posts\/6773"}],"collection":[{"href":"https:\/\/www.triponto.pt\/web\/wp-json\/wp\/v2\/posts"}],"about":[{"href":"https:\/\/www.triponto.pt\/web\/wp-json\/wp\/v2\/types\/post"}],"author":[{"embeddable":true,"href":"https:\/\/www.triponto.pt\/web\/wp-json\/wp\/v2\/users\/4"}],"replies":[{"embeddable":true,"href":"https:\/\/www.triponto.pt\/web\/wp-json\/wp\/v2\/comments?post=6773"}],"version-history":[{"count":18,"href":"https:\/\/www.triponto.pt\/web\/wp-json\/wp\/v2\/posts\/6773\/revisions"}],"predecessor-version":[{"id":6792,"href":"https:\/\/www.triponto.pt\/web\/wp-json\/wp\/v2\/posts\/6773\/revisions\/6792"}],"wp:featuredmedia":[{"embeddable":true,"href":"https:\/\/www.triponto.pt\/web\/wp-json\/wp\/v2\/media\/6767"}],"wp:attachment":[{"href":"https:\/\/www.triponto.pt\/web\/wp-json\/wp\/v2\/media?parent=6773"}],"wp:term":[{"taxonomy":"category","embeddable":true,"href":"https:\/\/www.triponto.pt\/web\/wp-json\/wp\/v2\/categories?post=6773"},{"taxonomy":"post_tag","embeddable":true,"href":"https:\/\/www.triponto.pt\/web\/wp-json\/wp\/v2\/tags?post=6773"}],"curies":[{"name":"wp","href":"https:\/\/api.w.org\/{rel}","templated":true}]}}